{"id":10147,"date":"2025-12-10T19:15:14","date_gmt":"2025-12-10T19:15:14","guid":{"rendered":"https:\/\/nodochile.cl\/?p=10147"},"modified":"2026-01-06T22:10:44","modified_gmt":"2026-01-06T22:10:44","slug":"como-mejorar-los-procesos-de-calificacion-ambiental-evaluacion-ambiental-conflictos-y-participacion-ciudadana-en-proyectos-energeticos","status":"publish","type":"post","link":"https:\/\/nodochile.cl\/index.php\/2025\/12\/10\/como-mejorar-los-procesos-de-calificacion-ambiental-evaluacion-ambiental-conflictos-y-participacion-ciudadana-en-proyectos-energeticos\/","title":{"rendered":"\u00bfC\u00f3mo mejorar los procesos de calificaci\u00f3n ambiental? Evaluaci\u00f3n Ambiental, Conflictos y Participaci\u00f3n Ciudadana en proyectos Energ\u00e9ticos"},"content":{"rendered":"\n<p>An\u00e1lisis de 71 proyectos energ\u00e9ticos ingresados al Sistema de Evaluaci\u00f3n de Impacto Ambiental (SEIA) entre los a\u00f1os 2013 y 2021 . Los resultados indican que aquellos que implementaron PCT redujeron en promedio 314 d\u00edas sus tiempos de tramitaci\u00f3n ambiental en comparaci\u00f3n con los que no lo hicieron. Existe una relaci\u00f3n entre la presencia de protestas y el aumento en el n\u00famero de d\u00edas h\u00e1biles de suspensi\u00f3n. La presencia de eventos de protesta implica en promedio 273,8 d\u00edas de evaluaci\u00f3n m\u00e1s con respecto a los proyectos que no presentaron eventos de protesta.<\/p>\n\n\n\n<p><a href=\"https:\/\/estudiosurbanos.uc.cl\/investigacion\/como-mejorar-los-procesos-de-calificacion-ambiental-evaluacion-ambiental-conflictos-y-participacion-ciudadana-en-proyectos-energeticos\/\">Ir ><\/a><\/p>\n\n\n\n<p><\/p>\n","protected":false},"excerpt":{"rendered":"<p>An\u00e1lisis de 71 proyectos energ\u00e9ticos ingresados al Sistema de Evaluaci\u00f3n de Impacto Ambiental (SEIA) entre los a\u00f1os 2013 y 2021 . Los resultados indican que aquellos que implementaron PCT redujeron en promedio 314 d\u00edas sus tiempos de tramitaci\u00f3n ambiental en comparaci\u00f3n con los que no lo hicieron. Existe una relaci\u00f3n entre la presencia de protestas &hellip; <\/p>\n<p class=\"link-more\"><a href=\"https:\/\/nodochile.cl\/index.php\/2025\/12\/10\/como-mejorar-los-procesos-de-calificacion-ambiental-evaluacion-ambiental-conflictos-y-participacion-ciudadana-en-proyectos-energeticos\/\" class=\"more-link\">Read more<span class=\"screen-reader-text\"> &#8220;\u00bfC\u00f3mo mejorar los procesos de calificaci\u00f3n ambiental? Evaluaci\u00f3n Ambiental, Conflictos y Participaci\u00f3n Ciudadana en proyectos Energ\u00e9ticos&#8221;<\/span><\/a><\/p>\n","protected":false},"author":4,"featured_media":0,"comment_status":"closed","ping_status":"closed","sticky":false,"template":"","format":"standard","meta":{"footnotes":""},"categories":[50],"tags":[48],"class_list":["post-10147","post","type-post","status-publish","format-standard","hentry","category-descargable","tag-opinion"],"_links":{"self":[{"href":"https:\/\/nodochile.cl\/index.php\/wp-json\/wp\/v2\/posts\/10147","targetHints":{"allow":["GET"]}}],"collection":[{"href":"https:\/\/nodochile.cl\/index.php\/wp-json\/wp\/v2\/posts"}],"about":[{"href":"https:\/\/nodochile.cl\/index.php\/wp-json\/wp\/v2\/types\/post"}],"author":[{"embeddable":true,"href":"https:\/\/nodochile.cl\/index.php\/wp-json\/wp\/v2\/users\/4"}],"replies":[{"embeddable":true,"href":"https:\/\/nodochile.cl\/index.php\/wp-json\/wp\/v2\/comments?post=10147"}],"version-history":[{"count":2,"href":"https:\/\/nodochile.cl\/index.php\/wp-json\/wp\/v2\/posts\/10147\/revisions"}],"predecessor-version":[{"id":10149,"href":"https:\/\/nodochile.cl\/index.php\/wp-json\/wp\/v2\/posts\/10147\/revisions\/10149"}],"wp:attachment":[{"href":"https:\/\/nodochile.cl\/index.php\/wp-json\/wp\/v2\/media?parent=10147"}],"wp:term":[{"taxonomy":"category","embeddable":true,"href":"https:\/\/nodochile.cl\/index.php\/wp-json\/wp\/v2\/categories?post=10147"},{"taxonomy":"post_tag","embeddable":true,"href":"https:\/\/nodochile.cl\/index.php\/wp-json\/wp\/v2\/tags?post=10147"}],"curies":[{"name":"wp","href":"https:\/\/api.w.org\/{rel}","templated":true}]}}